{"id":4923,"date":"2024-07-16T10:34:20","date_gmt":"2024-07-16T08:34:20","guid":{"rendered":"https:\/\/www.ovive.fr\/ovive-feiert-sein-25-jaehriges-bestehen\/"},"modified":"2026-01-27T12:10:51","modified_gmt":"2026-01-27T11:10:51","slug":"ovive-feiert-sein-25-jaehriges-bestehen","status":"publish","type":"post","link":"https:\/\/www.ovive.fr\/de\/ovive-feiert-sein-25-jaehriges-bestehen\/","title":{"rendered":"Ovive feiert sein 25-j\u00e4hriges Bestehen"},"content":{"rendered":"\n<div class=\"wp-block-cover alignfull has-custom-content-position is-position-bottom-center qce-banner-full-width\" style=\"min-height:716px;aspect-ratio:unset;\"><span aria-hidden=\"true\" class=\"wp-block-cover__background has-background-dim has-background-gradient has-custom-gradient-2-gradient-background\"><\/span><div class=\"wp-block-cover__inner-container has-global-padding is-layout-constrained wp-block-cover-is-layout-constrained\">\n<h1 class=\"wp-block-heading has-text-align-left has-white-color has-text-color has-link-color has-x-large-font-size wp-elements-7ecb472166f25b00619d93d14272276b\">Ovive feiert sein 25-j\u00e4hriges Bestehen!  <\/h1>\n\n\n\n<p>Ein R\u00fcckblick in Bildern auf diese technischen Tage in den Gebieten anl\u00e4sslich des 25-j\u00e4hrigen Bestehens von Ovive.<\/p>\n\n\n<div class=\"taxonomy-category categories wp-block-post-terms\"><a href=\"https:\/\/www.ovive.fr\/de\/category\/nachrichten\/\" rel=\"tag\">Nachrichten<\/a><\/div><\/div><\/div>\n\n<p class=\"has-bleu-nuit-color has-text-color has-link-color wp-elements-9e321123a28a2f099a37f2f0526c4207\">\u2728 <strong>In diesem Jahr feiern wir unser 25-j\u00e4hriges Jubil\u00e4um!<\/strong> \u2728<\/p>\n\n<p class=\"has-bleu-nuit-color has-text-color has-link-color wp-elements-a1618b62ad8b6a97fa1f16c96a23652b\">Dies ist ein wichtiger Meilenstein f\u00fcr Ovive und wir m\u00f6chten dieses Jubil\u00e4um begehen, indem wir diesen einzigartigen Moment mit denjenigen teilen, die uns auf unserem Weg begleitet haben: unsere Kunden, unsere Partner und nat\u00fcrlich unsere Teams. Seit einem Vierteljahrhundert engagieren wir uns f\u00fcr den Schutz von Wasser, einer kostbaren und lebenswichtigen Ressource. Ihr Vertrauen und Ihre Unterst\u00fctzung waren die treibende Kraft hinter unserem Engagement, und daf\u00fcr ein gro\u00dfes Dankesch\u00f6n!  <\/p>\n\n<p class=\"has-bleu-nuit-color has-text-color has-link-color wp-elements-1ac5564fa2518a0c5f5f9442b68f7d66\">Um dieses Ereignis zu feiern, organisierten wir <strong>technische Tage<\/strong> in verschiedenen Gebieten, bei denen unser Fachwissen, unser Know-how und unsere Innovationen im Mittelpunkt standen. Diese Tage boten die Gelegenheit, unsere Partnerschaften zu st\u00e4rken und sich \u00fcber die aktuellen und zuk\u00fcnftigen Herausforderungen im Zusammenhang mit Wassermanagement und -aufbereitung auszutauschen. <\/p>\n\n<p class=\"has-bleu-nuit-color has-text-color has-link-color wp-elements-01fc0ef07a2bfcbaf4b5e805ed2b1eae\"><strong>Auf dem Programm dieser au\u00dfergew\u00f6hnlichen Tage stehen<\/strong>:<\/p>\n\n<p class=\"has-bleu-nuit-color has-text-color has-link-color wp-elements-01b0dc0ccfff903cd03d3d27dfc9ebcb\">&#8211;<strong>Technische Besichtigung<\/strong>: Einblicke in das Herz der Anlagen, um die innovativen L\u00f6sungen zu entdecken, die bei unseren Kunden eingesetzt werden.<\/p>\n\n<p class=\"has-bleu-nuit-color has-text-color has-link-color wp-elements-e1205f9842e2660789afdba5dbb57c7f\">&#8211;<strong>Konferenzen<\/strong>: Ein spannender Austausch \u00fcber die \u00f6kologischen, technologischen und industriellen Herausforderungen, die uns erwarten.<\/p>\n\n<p class=\"has-bleu-nuit-color has-text-color has-link-color wp-elements-18b0f1fc04fced7107519105f33e79fd\">&#8211;<strong>Mittagessen und Aktivit\u00e4ten<\/strong>: Gesellige Momente, um sich mit unseren Kunden und Partnern bei anregenden Diskussionen auszutauschen.<\/p>\n\n<p class=\"has-bleu-nuit-color has-text-color has-link-color wp-elements-ec851a4d24a933340e17808300f9ba91\">Diese Tage waren gepr\u00e4gt von unvergesslichen Begegnungen mit unseren treuen Kunden wie @brasserie3monts, INTERSPRAY, Kersia, inventing a food safe world und D\u00e9lifrance. Vielen Dank f\u00fcr den herzlichen Empfang und das anhaltende Vertrauen! <\/p>\n\n<p class=\"has-bleu-nuit-color has-text-color has-link-color wp-elements-701a0af723c637600d0eb9c4bcb7c778\">Und nat\u00fcrlich <strong>ein gro\u00dfes Lob an die Teams von Ovive<\/strong>, die jeden Tag dazu beitragen, dieses Abenteuer zu einem Erfolg zu machen und unsere Werte mit Leidenschaft weiterzutragen. Gemeinsam werden wir weiterhin innovativ sein und eine nachhaltigere Zukunft f\u00fcr die Erhaltung des Wassers aufbauen. <\/p>\n\n<p class=\"has-bleu-nuit-color has-text-color has-link-color wp-elements-60377fa14f94431e388e37a35b53379e\">Wir <strong>danken Ihnen allen f\u00fcr 25 Jahre Vertrauen<\/strong> &#8211; und das ist erst der Anfang!<\/p>\n\n<p class=\"has-bleu-nuit-color has-text-color has-link-color wp-elements-186de5696ebc8b98401761cb215fd0f7\"><\/p>\n\n<figure class=\"wp-block-image size-large\"><img loading=\"lazy\" decoding=\"async\" width=\"1024\" height=\"576\" src=\"https:\/\/www.ovive.fr\/wp-content\/uploads\/2024\/07\/25-ans-Ovive-1024x576.webp\" alt=\"\" class=\"wp-image-2008\" srcset=\"https:\/\/www.ovive.fr\/wp-content\/uploads\/2024\/07\/25-ans-Ovive-1024x576.webp 1024w, https:\/\/www.ovive.fr\/wp-content\/uploads\/2024\/07\/25-ans-Ovive-300x169.webp 300w, https:\/\/www.ovive.fr\/wp-content\/uploads\/2024\/07\/25-ans-Ovive-768x432.webp 768w, https:\/\/www.ovive.fr\/wp-content\/uploads\/2024\/07\/25-ans-Ovive-1536x864.webp 1536w, https:\/\/www.ovive.fr\/wp-content\/uploads\/2024\/07\/25-ans-Ovive.webp 1920w\" sizes=\"auto, (max-width: 1024px) 100vw, 1024px\" \/><\/figure>\n","protected":false},"excerpt":{"rendered":"<p>\u2728 In diesem Jahr feiern wir unser 25-j\u00e4hriges Jubil\u00e4um! \u2728 Dies ist ein wichtiger Meilenstein f\u00fcr Ovive und wir m\u00f6chten dieses Jubil\u00e4um begehen, indem wir diesen einzigartigen Moment mit denjenigen teilen, die uns auf unserem Weg begleitet haben: unsere Kunden, unsere Partner und nat\u00fcrlich unsere Teams. Seit einem Vierteljahrhundert engagieren wir uns f\u00fcr den Schutz [&hellip;]<\/p>\n","protected":false},"author":1,"featured_media":0,"comment_status":"closed","ping_status":"open","sticky":false,"template":"","format":"standard","meta":{"_acf_changed":false,"_seopress_robots_primary_cat":"none","_seopress_titles_title":"","_seopress_titles_desc":"","_seopress_robots_index":"","footnotes":""},"categories":[132],"tags":[135],"class_list":["post-4923","post","type-post","status-publish","format-standard","hentry","category-nachrichten","tag-kunde"],"acf":[],"_links":{"self":[{"href":"https:\/\/www.ovive.fr\/de\/wp-json\/wp\/v2\/posts\/4923","targetHints":{"allow":["GET"]}}],"collection":[{"href":"https:\/\/www.ovive.fr\/de\/wp-json\/wp\/v2\/posts"}],"about":[{"href":"https:\/\/www.ovive.fr\/de\/wp-json\/wp\/v2\/types\/post"}],"author":[{"embeddable":true,"href":"https:\/\/www.ovive.fr\/de\/wp-json\/wp\/v2\/users\/1"}],"replies":[{"embeddable":true,"href":"https:\/\/www.ovive.fr\/de\/wp-json\/wp\/v2\/comments?post=4923"}],"version-history":[{"count":5,"href":"https:\/\/www.ovive.fr\/de\/wp-json\/wp\/v2\/posts\/4923\/revisions"}],"predecessor-version":[{"id":4948,"href":"https:\/\/www.ovive.fr\/de\/wp-json\/wp\/v2\/posts\/4923\/revisions\/4948"}],"wp:attachment":[{"href":"https:\/\/www.ovive.fr\/de\/wp-json\/wp\/v2\/media?parent=4923"}],"wp:term":[{"taxonomy":"category","embeddable":true,"href":"https:\/\/www.ovive.fr\/de\/wp-json\/wp\/v2\/categories?post=4923"},{"taxonomy":"post_tag","embeddable":true,"href":"https:\/\/www.ovive.fr\/de\/wp-json\/wp\/v2\/tags?post=4923"}],"curies":[{"name":"wp","href":"https:\/\/api.w.org\/{rel}","templated":true}]}}