{"id":4935,"date":"2024-07-16T10:34:20","date_gmt":"2024-07-16T08:34:20","guid":{"rendered":"https:\/\/www.ovive.fr\/ovive-schliesst-den-bau-einer-wasseraufbereitungsanlage-fuer-fareva-ab\/"},"modified":"2026-01-27T12:10:43","modified_gmt":"2026-01-27T11:10:43","slug":"ovive-schliesst-den-bau-einer-wasseraufbereitungsanlage-fuer-fareva-ab","status":"publish","type":"post","link":"https:\/\/www.ovive.fr\/de\/ovive-schliesst-den-bau-einer-wasseraufbereitungsanlage-fuer-fareva-ab\/","title":{"rendered":"Ovive schlie\u00dft den Bau einer Wasseraufbereitungsanlage f\u00fcr FAREVA ab"},"content":{"rendered":"\n<div class=\"wp-block-cover alignfull has-custom-content-position is-position-bottom-center qce-banner-full-width\" style=\"min-height:767px;aspect-ratio:unset;\"><img loading=\"lazy\" decoding=\"async\" width=\"800\" height=\"450\" class=\"wp-block-cover__image-background wp-image-2024\" alt=\"\" src=\"https:\/\/www.ovive.fr\/wp-content\/uploads\/2024\/07\/1726734369103-1.webp\" data-object-fit=\"cover\" srcset=\"https:\/\/www.ovive.fr\/wp-content\/uploads\/2024\/07\/1726734369103-1.webp 800w, https:\/\/www.ovive.fr\/wp-content\/uploads\/2024\/07\/1726734369103-1-300x169.webp 300w, https:\/\/www.ovive.fr\/wp-content\/uploads\/2024\/07\/1726734369103-1-768x432.webp 768w\" sizes=\"auto, (max-width: 800px) 100vw, 800px\" \/><span aria-hidden=\"true\" class=\"wp-block-cover__background has-background-dim wp-block-cover__gradient-background has-background-gradient has-custom-gradient-2-gradient-background\"><\/span><div class=\"wp-block-cover__inner-container has-global-padding is-layout-constrained wp-block-cover-is-layout-constrained\">\n<h1 class=\"wp-block-heading has-text-align-left has-white-color has-text-color has-link-color has-x-large-font-size wp-elements-c3c40f12ad837bb967ef40d610612520\">KUNDENFOKUS FAREVA: Ein weiterer Schritt in Richtung einer nachhaltigen Zukunft<\/h1>\n\n\n\n<p>Eine erfolgreiche Zusammenarbeit f\u00fcr ein nachhaltiges Industrieprojekt: Ovive begleitet FAREVA beim Bau einer innovativen Wasseraufbereitungsanlage.<\/p>\n\n\n<div class=\"taxonomy-category categories wp-block-post-terms\"><a href=\"https:\/\/www.ovive.fr\/de\/category\/nachrichten\/\" rel=\"tag\">Nachrichten<\/a><\/div><\/div><\/div>\n\n<div style=\"height:10px\" aria-hidden=\"true\" class=\"wp-block-spacer\"><\/div>\n\n<p class=\"has-bleu-nuit-color has-text-color has-link-color wp-elements-e228c95fc24893654581e4471c8b27df\">  Wir sind stolz, die <strong>Fertigstellung der Wasseraufbereitungsanlage<\/strong> auf dem<strong>INTERSPRAY<\/strong> Gel\u00e4nde f\u00fcr unseren Kunden <strong>FAREVA<\/strong>, einen der weltweit f\u00fchrenden Hersteller von Kosmetikprodukten mit Sitz in <strong>Neuvic<\/strong>, bekannt geben zu k\u00f6nnen. Dieses Projekt ist ein wichtiger Meilenstein in unserem gemeinsamen Engagement f\u00fcr nachhaltige und umweltfreundliche Industriel\u00f6sungen. <\/p>\n\n<h2 class=\"wp-block-heading has-bleu-nuit-color has-text-color has-link-color wp-elements-a805e2c86f134ba8146ae5a346175767\">Ein ehrgeiziges Projekt mit kontrollierten Auswirkungen auf die Umwelt  <\/h2>\n\n<p class=\"has-bleu-nuit-color has-text-color has-link-color wp-elements-03c18f14b31e0b16bfdce83f298b5962\">\u2705 <strong>Bew\u00e4hrte, ma\u00dfgeschneiderte L\u00f6sungen<\/strong><br\/>Nach Monaten intensiver Arbeit und enger Zusammenarbeit mit den Teams von FAREVA haben wir eine innovative Verarbeitungsvorrichtung eingesetzt, die speziell auf die industriellen Anforderungen von INTERSPRAY zugeschnitten ist. Das Verfahren wurde zun\u00e4chst im Pilotma\u00dfstab getestet, um seine Leistungsf\u00e4higkeit im gro\u00dfen Ma\u00dfstab zu gew\u00e4hrleisten. Durch die Hinzuf\u00fcgung einer geeigneten Vorbehandlung konnte die Effizienz der Anlage verbessert werden, wodurch der Prozess noch robuster und zuverl\u00e4ssiger wurde.  <\/p>\n\n<p class=\"has-bleu-nuit-color has-text-color has-link-color wp-elements-b2d7ebfe49607cb58a9c7d770f59d8ed\">Mit dieser Anlage wird <strong>das industrielle Abwasser<\/strong> nun optimal gereinigt, wobei die Umweltstandards eingehalten werden und der \u00f6kologische Fu\u00dfabdruck des Standorts reduziert wird. Dieses System wird es INTERSPRAY erm\u00f6glichen, <strong>seinen Einfluss auf die nat\u00fcrlichen Ressourcen zu reduzieren<\/strong>, was ein zentrales Element in FAREVAs Ansatz zur nachhaltigen Entwicklung ist. <\/p>\n\n<h2 class=\"wp-block-heading has-bleu-nuit-color has-text-color has-link-color wp-elements-88c6852189700ecdb3531adf2d56e04a\">Ein starkes Engagement f\u00fcr die Erhaltung des Wassers  <\/h2>\n\n<p class=\"has-bleu-nuit-color has-text-color has-link-color wp-elements-abbe9167663a077c6daee2fc721d7c07\">Wir bei <strong>Ovive<\/strong> sind bestrebt, L\u00f6sungen anzubieten, die nicht nur die industrielle Produktivit\u00e4t f\u00f6rdern, sondern auch den <strong>Schutz der Wasserressourcen<\/strong>, der f\u00fcr zuk\u00fcnftige Generationen von entscheidender Bedeutung ist. Dieses Projekt mit FAREVA passt perfekt zu unserer Mission, unseren Kunden zu erm\u00f6glichen, industrielle Effizienz und Umweltschutz miteinander zu verbinden. Wir glauben fest daran, dass die Industrie einen positiven Wandel herbeif\u00fchren kann, und Partnerschaften wie diese sind der Beweis daf\u00fcr, dass dies m\u00f6glich ist.  <\/p>\n\n<h2 class=\"wp-block-heading has-bleu-nuit-color has-text-color has-link-color wp-elements-3b94adc01057531727a42b6f68e6136e\">Eine vertrauensvolle und langj\u00e4hrige Partnerschaft  <\/h2>\n\n<p class=\"has-bleu-nuit-color has-text-color has-link-color wp-elements-b19a0168d0e2e390e0b7bbdb95819665\">Seit <strong>2018<\/strong> hatten wir das Vergn\u00fcgen, mit <strong>INTERSPRAY<\/strong>, einer Tochtergesellschaft von FAREVA, zusammenzuarbeiten und ihnen angepasste und innovative L\u00f6sungen f\u00fcr das Management ihres Industriewassers zu liefern. Dieses neue Projekt st\u00e4rkt diese vertrauensvolle Beziehung, die auf Zuh\u00f6ren, Innovation und Leistung basiert, noch weiter. Wir m\u00f6chten uns bei <strong>FAREVA<\/strong> f\u00fcr das erneute Vertrauen bedanken, das die Qualit\u00e4t und Zuverl\u00e4ssigkeit unserer L\u00f6sungen belegt.  <\/p>\n\n<h3 class=\"wp-block-heading has-bleu-nuit-color has-text-color has-link-color wp-elements-627e3d9405897f025a2142c97da6b805\">Herzlichen Gl\u00fcckwunsch an die Ovive-Teams!<\/h3>\n\n<p class=\"has-bleu-nuit-color has-text-color has-link-color wp-elements-58dbeb7d06f66f6bfcf1d995a1eb8676\">Nichts davon w\u00e4re m\u00f6glich ohne das Engagement und die Expertise unserer Teams. Ihr unerm\u00fcdlicher Einsatz, ihre F\u00e4higkeit, sich den technischen Anforderungen anzupassen, und ihre Leidenschaft f\u00fcr Innovation machen jedes Projekt zu einem Erfolg. Wir gratulieren Ihnen allen zu dieser au\u00dfergew\u00f6hnlichen Arbeit!  <\/p>\n\n<figure class=\"wp-block-image aligncenter size-full is-resized\"><img loading=\"lazy\" decoding=\"async\" width=\"800\" height=\"450\" src=\"https:\/\/www.ovive.fr\/wp-content\/uploads\/2024\/07\/1726734369103.webp\" alt=\"\" class=\"wp-image-2019\" style=\"width:544px;height:auto\" srcset=\"https:\/\/www.ovive.fr\/wp-content\/uploads\/2024\/07\/1726734369103.webp 800w, https:\/\/www.ovive.fr\/wp-content\/uploads\/2024\/07\/1726734369103-300x169.webp 300w, https:\/\/www.ovive.fr\/wp-content\/uploads\/2024\/07\/1726734369103-768x432.webp 768w\" sizes=\"auto, (max-width: 800px) 100vw, 800px\" \/><\/figure>\n\n<hr class=\"wp-block-separator has-alpha-channel-opacity\"\/>\n\n<p class=\"has-bleu-nuit-color has-text-color has-link-color wp-elements-a7b3162d6160331c1e2ae38a1fa2a353\"><strong>Vielen Dank an FAREVA und INTERSPRAY f\u00fcr diese gro\u00dfartige Zusammenarbeit. Gemeinsam bauen wir weiter an einer nachhaltigeren Zukunft, in der Innovation und Umweltfreundlichkeit Hand in Hand gehen. <\/strong><\/p>\n\n<p><\/p>\n","protected":false},"excerpt":{"rendered":"<p>Wir sind stolz, die Fertigstellung der Wasseraufbereitungsanlage auf demINTERSPRAY Gel\u00e4nde f\u00fcr unseren Kunden FAREVA, einen der weltweit f\u00fchrenden Hersteller von Kosmetikprodukten mit Sitz in Neuvic, bekannt geben zu k\u00f6nnen. Dieses Projekt ist ein wichtiger Meilenstein in unserem gemeinsamen Engagement f\u00fcr nachhaltige und umweltfreundliche Industriel\u00f6sungen. Ein ehrgeiziges Projekt mit kontrollierten Auswirkungen auf die Umwelt \u2705 Bew\u00e4hrte, [&hellip;]<\/p>\n","protected":false},"author":1,"featured_media":0,"comment_status":"closed","ping_status":"open","sticky":false,"template":"","format":"standard","meta":{"_acf_changed":false,"_seopress_robots_primary_cat":"none","_seopress_titles_title":"Bau einer Wasseraufbereitungsanlage f\u00fcr FAREVA - Ovive","_seopress_titles_desc":"","_seopress_robots_index":"","footnotes":""},"categories":[132],"tags":[],"class_list":["post-4935","post","type-post","status-publish","format-standard","hentry","category-nachrichten"],"acf":[],"_links":{"self":[{"href":"https:\/\/www.ovive.fr\/de\/wp-json\/wp\/v2\/posts\/4935","targetHints":{"allow":["GET"]}}],"collection":[{"href":"https:\/\/www.ovive.fr\/de\/wp-json\/wp\/v2\/posts"}],"about":[{"href":"https:\/\/www.ovive.fr\/de\/wp-json\/wp\/v2\/types\/post"}],"author":[{"embeddable":true,"href":"https:\/\/www.ovive.fr\/de\/wp-json\/wp\/v2\/users\/1"}],"replies":[{"embeddable":true,"href":"https:\/\/www.ovive.fr\/de\/wp-json\/wp\/v2\/comments?post=4935"}],"version-history":[{"count":1,"href":"https:\/\/www.ovive.fr\/de\/wp-json\/wp\/v2\/posts\/4935\/revisions"}],"predecessor-version":[{"id":4937,"href":"https:\/\/www.ovive.fr\/de\/wp-json\/wp\/v2\/posts\/4935\/revisions\/4937"}],"wp:attachment":[{"href":"https:\/\/www.ovive.fr\/de\/wp-json\/wp\/v2\/media?parent=4935"}],"wp:term":[{"taxonomy":"category","embeddable":true,"href":"https:\/\/www.ovive.fr\/de\/wp-json\/wp\/v2\/categories?post=4935"},{"taxonomy":"post_tag","embeddable":true,"href":"https:\/\/www.ovive.fr\/de\/wp-json\/wp\/v2\/tags?post=4935"}],"curies":[{"name":"wp","href":"https:\/\/api.w.org\/{rel}","templated":true}]}}