{"id":4925,"date":"2024-07-16T10:34:20","date_gmt":"2024-07-16T08:34:20","guid":{"rendered":"https:\/\/www.ovive.fr\/ovive-celebra-25-anos\/"},"modified":"2026-01-27T12:10:54","modified_gmt":"2026-01-27T11:10:54","slug":"ovive-celebra-25-anos","status":"publish","type":"post","link":"https:\/\/www.ovive.fr\/es\/ovive-celebra-25-anos\/","title":{"rendered":"Ovive celebra 25 A\u00d1OS"},"content":{"rendered":"\n<div class=\"wp-block-cover alignfull has-custom-content-position is-position-bottom-center qce-banner-full-width\" style=\"min-height:716px;aspect-ratio:unset;\"><span aria-hidden=\"true\" class=\"wp-block-cover__background has-background-dim has-background-gradient has-custom-gradient-2-gradient-background\"><\/span><div class=\"wp-block-cover__inner-container has-global-padding is-layout-constrained wp-block-cover-is-layout-constrained\">\n<h1 class=\"wp-block-heading has-text-align-left has-white-color has-text-color has-link-color has-x-large-font-size wp-elements-a644dd1b46d985b2f7349d780feccbf7\">\u00a1Ovive celebra 25 A\u00d1OS!  <\/h1>\n\n\n\n<p>Aqu\u00ed tienes una retrospectiva de estos d\u00edas t\u00e9cnicos en las regiones, con motivo del 25 aniversario de Ovive.<\/p>\n\n\n<div class=\"taxonomy-category categories wp-block-post-terms\"><a href=\"https:\/\/www.ovive.fr\/es\/category\/noticias\/\" rel=\"tag\">Noticias<\/a><\/div><\/div><\/div>\n\n<p class=\"has-bleu-nuit-color has-text-color has-link-color wp-elements-be62e04a424ad72d97821e42ff25b030\">\u2728 <strong>\u00a1Este a\u00f1o celebramos 25 a\u00f1os!<\/strong> \u2728<\/p>\n\n<p class=\"has-bleu-nuit-color has-text-color has-link-color wp-elements-1c6c396a9f9a38b4964b323e50f6de29\">Se trata de un hito importante para Ovive, y queremos celebrar este aniversario compartiendo este momento \u00fanico con quienes nos han acompa\u00f1ado a lo largo del camino: nuestros clientes, nuestros socios y, por supuesto, nuestros equipos. Llevamos un cuarto de siglo comprometidos con la preservaci\u00f3n del agua, un recurso precioso y vital. Vuestra confianza y apoyo han sido el motor de nuestro compromiso, y por ello, \u00a1muchas gracias!  <\/p>\n\n<p class=\"has-bleu-nuit-color has-text-color has-link-color wp-elements-4f1d00b7586a26c6212383480612c9d3\">Para celebrar este acontecimiento, organizamos una serie de <strong>jornadas t\u00e9cnicas<\/strong> en distintas regiones, en las que mostramos nuestra experiencia, conocimientos e innovaciones. Estas jornadas fueron una oportunidad para reforzar nuestras colaboraciones y debatir cuestiones actuales y futuras relacionadas con la gesti\u00f3n y el tratamiento del agua. <\/p>\n\n<p class=\"has-bleu-nuit-color has-text-color has-link-color wp-elements-5911ef73731a7dc101a89a62431b3df4\"><strong>En el programa de estos d\u00edas excepcionales<\/strong>:<\/p>\n\n<p class=\"has-bleu-nuit-color has-text-color has-link-color wp-elements-ee070b6c99ffdf5cf2236d65e49ace19\"><strong>-Visita<\/strong> t\u00e9cnica: una inmersi\u00f3n en el coraz\u00f3n de nuestras instalaciones para descubrir las soluciones innovadoras aplicadas por nuestros clientes.<\/p>\n\n<p class=\"has-bleu-nuit-color has-text-color has-link-color wp-elements-655ce42bb1c7c20a6b342568346f842b\"><strong>-Conferencias<\/strong>: debates fascinantes sobre los retos medioambientales, tecnol\u00f3gicos e industriales que nos esperan.<\/p>\n\n<p class=\"has-bleu-nuit-color has-text-color has-link-color wp-elements-5b36468c773302044c7088961a5133cd\"><strong>Almuerzos y actividades<\/strong>: Una oportunidad para reunirte con nuestros clientes y socios y disfrutar de un amplio debate.<\/p>\n\n<p class=\"has-bleu-nuit-color has-text-color has-link-color wp-elements-cae71216adcba7b8a0fe10092cec6e01\">Estos d\u00edas estuvieron salpicados de encuentros inolvidables con nuestros fieles clientes, como @brasserie3monts, INTERSPRAY, Kersia, inventing a food safe world, y D\u00e9lifrance. \u00a1Un enorme agradecimiento a todos ellos por su calurosa acogida y su continua confianza! <\/p>\n\n<p class=\"has-bleu-nuit-color has-text-color has-link-color wp-elements-f42cbc215a4ab93ccdd8c3fcd6b7d198\">Y, por supuesto, <strong>muchas felicidades a los equipos de Ovive<\/strong>, que contribuyen cada d\u00eda a que esta aventura sea un \u00e9xito y a que defendamos con pasi\u00f3n nuestros valores. Juntos, seguiremos innovando y construyendo un futuro m\u00e1s sostenible para la conservaci\u00f3n del agua. <\/p>\n\n<p class=\"has-bleu-nuit-color has-text-color has-link-color wp-elements-60de0a5e48d81374cf1b0308de66ebfb\"><strong>Gracias a todos por 25 a\u00f1os de confianza<\/strong>, \u00a1y eso es s\u00f3lo el principio!<\/p>\n\n<p class=\"has-bleu-nuit-color has-text-color has-link-color wp-elements-186de5696ebc8b98401761cb215fd0f7\"><\/p>\n\n<figure class=\"wp-block-image size-large\"><img loading=\"lazy\" decoding=\"async\" width=\"1024\" height=\"576\" src=\"https:\/\/www.ovive.fr\/wp-content\/uploads\/2024\/07\/25-ans-Ovive-1024x576.webp\" alt=\"\" class=\"wp-image-2008\" srcset=\"https:\/\/www.ovive.fr\/wp-content\/uploads\/2024\/07\/25-ans-Ovive-1024x576.webp 1024w, https:\/\/www.ovive.fr\/wp-content\/uploads\/2024\/07\/25-ans-Ovive-300x169.webp 300w, https:\/\/www.ovive.fr\/wp-content\/uploads\/2024\/07\/25-ans-Ovive-768x432.webp 768w, https:\/\/www.ovive.fr\/wp-content\/uploads\/2024\/07\/25-ans-Ovive-1536x864.webp 1536w, https:\/\/www.ovive.fr\/wp-content\/uploads\/2024\/07\/25-ans-Ovive.webp 1920w\" sizes=\"auto, (max-width: 1024px) 100vw, 1024px\" \/><\/figure>\n","protected":false},"excerpt":{"rendered":"<p>\u2728 \u00a1Este a\u00f1o celebramos 25 a\u00f1os! \u2728 Se trata de un hito importante para Ovive, y queremos celebrar este aniversario compartiendo este momento \u00fanico con quienes nos han acompa\u00f1ado a lo largo del camino: nuestros clientes, nuestros socios y, por supuesto, nuestros equipos. Llevamos un cuarto de siglo comprometidos con la preservaci\u00f3n del agua, un [&hellip;]<\/p>\n","protected":false},"author":1,"featured_media":0,"comment_status":"closed","ping_status":"open","sticky":false,"template":"","format":"standard","meta":{"_acf_changed":false,"_seopress_robots_primary_cat":"none","_seopress_titles_title":"","_seopress_titles_desc":"","_seopress_robots_index":"","footnotes":""},"categories":[133],"tags":[136],"class_list":["post-4925","post","type-post","status-publish","format-standard","hentry","category-noticias","tag-cliente"],"acf":[],"_links":{"self":[{"href":"https:\/\/www.ovive.fr\/es\/wp-json\/wp\/v2\/posts\/4925","targetHints":{"allow":["GET"]}}],"collection":[{"href":"https:\/\/www.ovive.fr\/es\/wp-json\/wp\/v2\/posts"}],"about":[{"href":"https:\/\/www.ovive.fr\/es\/wp-json\/wp\/v2\/types\/post"}],"author":[{"embeddable":true,"href":"https:\/\/www.ovive.fr\/es\/wp-json\/wp\/v2\/users\/1"}],"replies":[{"embeddable":true,"href":"https:\/\/www.ovive.fr\/es\/wp-json\/wp\/v2\/comments?post=4925"}],"version-history":[{"count":3,"href":"https:\/\/www.ovive.fr\/es\/wp-json\/wp\/v2\/posts\/4925\/revisions"}],"predecessor-version":[{"id":4953,"href":"https:\/\/www.ovive.fr\/es\/wp-json\/wp\/v2\/posts\/4925\/revisions\/4953"}],"wp:attachment":[{"href":"https:\/\/www.ovive.fr\/es\/wp-json\/wp\/v2\/media?parent=4925"}],"wp:term":[{"taxonomy":"category","embeddable":true,"href":"https:\/\/www.ovive.fr\/es\/wp-json\/wp\/v2\/categories?post=4925"},{"taxonomy":"post_tag","embeddable":true,"href":"https:\/\/www.ovive.fr\/es\/wp-json\/wp\/v2\/tags?post=4925"}],"curies":[{"name":"wp","href":"https:\/\/api.w.org\/{rel}","templated":true}]}}