{"id":4960,"date":"2025-02-11T11:55:37","date_gmt":"2025-02-11T10:55:37","guid":{"rendered":"https:\/\/www.ovive.fr\/indice-de-igualdad-de-genero-ovive-obtiene-una-puntuacion-de-92-100\/"},"modified":"2026-01-27T12:11:12","modified_gmt":"2026-01-27T11:11:12","slug":"indice-de-igualdad-de-genero-ovive-obtiene-una-puntuacion-de-92-100","status":"publish","type":"post","link":"https:\/\/www.ovive.fr\/es\/indice-de-igualdad-de-genero-ovive-obtiene-una-puntuacion-de-92-100\/","title":{"rendered":"\u00cdndice de Igualdad de G\u00e9nero: Ovive obtiene una puntuaci\u00f3n de 92\/100"},"content":{"rendered":"\n<div class=\"wp-block-cover alignfull has-custom-content-position is-position-bottom-center qce-banner-full-width\" style=\"min-height:767px;aspect-ratio:unset;\"><img loading=\"lazy\" decoding=\"async\" width=\"1600\" height=\"1067\" class=\"wp-block-cover__image-background wp-image-3542\" alt=\"\" src=\"https:\/\/www.ovive.fr\/wp-content\/uploads\/2025\/01\/2025-01-Ovive-048.jpg\" data-object-fit=\"cover\" srcset=\"https:\/\/www.ovive.fr\/wp-content\/uploads\/2025\/01\/2025-01-Ovive-048.jpg 1600w, https:\/\/www.ovive.fr\/wp-content\/uploads\/2025\/01\/2025-01-Ovive-048-300x200.jpg 300w, https:\/\/www.ovive.fr\/wp-content\/uploads\/2025\/01\/2025-01-Ovive-048-1024x683.jpg 1024w, https:\/\/www.ovive.fr\/wp-content\/uploads\/2025\/01\/2025-01-Ovive-048-768x512.jpg 768w, https:\/\/www.ovive.fr\/wp-content\/uploads\/2025\/01\/2025-01-Ovive-048-1536x1024.jpg 1536w\" sizes=\"auto, (max-width: 1600px) 100vw, 1600px\" \/><span aria-hidden=\"true\" class=\"wp-block-cover__background has-background-dim wp-block-cover__gradient-background has-background-gradient has-custom-gradient-2-gradient-background\"><\/span><div class=\"wp-block-cover__inner-container has-global-padding is-layout-constrained wp-block-cover-is-layout-constrained\">\n<h1 class=\"wp-block-heading has-text-align-left has-white-color has-text-color has-link-color has-x-large-font-size wp-elements-649ac933e9d139f7475b8f02b3f3e770\">\u00cdndice de Igualdad de G\u00e9nero: Ovive obtiene una puntuaci\u00f3n de 92\/100<\/h1>\n\n\n\n<p>Consulta a continuaci\u00f3n los detalles de nuestra puntuaci\u00f3n en el \u00edndice de igualdad de g\u00e9nero para 2025<\/p>\n\n\n<div class=\"taxonomy-category categories wp-block-post-terms\"><a href=\"https:\/\/www.ovive.fr\/es\/category\/noticias\/\" rel=\"tag\">Noticias<\/a><span class=\"wp-block-post-terms__separator\">, <\/span><a href=\"https:\/\/www.ovive.fr\/es\/category\/sin-categorizar\/\" rel=\"tag\">Sin categorizar<\/a><\/div><\/div><\/div>\n\n<div style=\"height:10px\" aria-hidden=\"true\" class=\"wp-block-spacer\"><\/div>\n\n<p class=\"has-bleu-nuit-color has-text-color has-link-color wp-elements-9a57bd3fd691e9f6147c1504e77a9cc8\">En Ovive, nuestro mayor activo son los hombres y mujeres que forman nuestros equipos.  <\/p>\n\n<p class=\"has-bleu-nuit-color has-text-color has-link-color wp-elements-d62b6a0cc94340a8b38e5cc3d72d5125\">Nos enorgullece anunciar que hemos alcanzado una puntuaci\u00f3n de 92\/100 en el \u00cdndice de Igualdad de G\u00e9nero, un resultado que refleja nuestro compromiso concreto con la igualdad profesional y la reducci\u00f3n de la brecha salarial.<\/p>\n\n<h2 class=\"wp-block-heading has-jaune-color has-text-color has-link-color wp-elements-eaf83e9f83e37e478722ea2555c46639\">\u00bfQu\u00e9 es el \u00cdndice de Igualdad de G\u00e9nero?<\/h2>\n\n<p class=\"has-bleu-nuit-color has-text-color has-link-color wp-elements-697710fcafc84a51a7bac9c92adcd770\">Este indicador, calculado sobre 100 puntos, permite a las empresas evaluar y controlar la brecha de g\u00e9nero mediante una serie de criterios.<\/p>\n\n<p class=\"has-bleu-nuit-color has-text-color has-link-color wp-elements-53ad5168c327836baa40a9c889b95573\">En Ovive, nuestra puntuaci\u00f3n se desglosa del siguiente modo:<br \/>\u2705 Diferencia salarial entre hombres y mujeres: 37\/40<br \/>\u2705 Distribuci\u00f3n de los aumentos individuales: 35\/35<br \/>\u2705 Aumentos tras la baja por maternidad: 15\/15<br \/>\u2705 Paridad entre los 10 mejor pagados: 5\/10<\/p>\n\n<h2 class=\"wp-block-heading has-jaune-color has-text-color has-link-color wp-elements-ded463c56c3dace6ea19a0602fc27615\">Un compromiso duradero<\/h2>\n\n<p class=\"has-bleu-nuit-color has-text-color has-link-color wp-elements-fa8d35727642f1ce97eca5f164a65310\">Guiados por nuestros valores humanos de proximidad, escucha y serenidad, proseguimos nuestras acciones para promover la igualdad y la diversidad en el seno de nuestros equipos. Este enfoque forma parte de nuestro empe\u00f1o por ofrecer un entorno de trabajo cada vez m\u00e1s inclusivo y equitativo. <\/p>\n\n<p class=\"has-bleu-nuit-color has-text-color has-link-color wp-elements-f30c39ac50018542b2bcfc0df78e2dd5\">Porque la igualdad no se decreta, \u00a1hay que construirla cada d\u00eda! \ud83d\ude80<\/p>\n\n<div class=\"wp-block-cover\"><img loading=\"lazy\" decoding=\"async\" width=\"1024\" height=\"683\" class=\"wp-block-cover__image-background wp-image-4105\" alt=\"\" src=\"https:\/\/www.ovive.fr\/wp-content\/uploads\/2025\/02\/2025-01-Ovive-108-1024x683.jpg\" data-object-fit=\"cover\" srcset=\"https:\/\/www.ovive.fr\/wp-content\/uploads\/2025\/02\/2025-01-Ovive-108-1024x683.jpg 1024w, https:\/\/www.ovive.fr\/wp-content\/uploads\/2025\/02\/2025-01-Ovive-108-300x200.jpg 300w, https:\/\/www.ovive.fr\/wp-content\/uploads\/2025\/02\/2025-01-Ovive-108-768x512.jpg 768w, https:\/\/www.ovive.fr\/wp-content\/uploads\/2025\/02\/2025-01-Ovive-108-1536x1024.jpg 1536w, https:\/\/www.ovive.fr\/wp-content\/uploads\/2025\/02\/2025-01-Ovive-108.jpg 1600w\" sizes=\"auto, (max-width: 1024px) 100vw, 1024px\" \/><span aria-hidden=\"true\" class=\"wp-block-cover__background has-background-dim\"><\/span><div class=\"wp-block-cover__inner-container is-layout-flow wp-block-cover-is-layout-flow\">\n<p class=\"has-text-align-center has-large-font-size\"><\/p>\n<\/div><\/div>\n","protected":false},"excerpt":{"rendered":"<p>En Ovive, nuestro mayor activo son los hombres y mujeres que forman nuestros equipos. Nos enorgullece anunciar que hemos alcanzado una puntuaci\u00f3n de 92\/100 en el \u00cdndice de Igualdad de G\u00e9nero, un resultado que refleja nuestro compromiso concreto con la igualdad profesional y la reducci\u00f3n de la brecha salarial. \u00bfQu\u00e9 es el \u00cdndice de Igualdad [&hellip;]<\/p>\n","protected":false},"author":2,"featured_media":3545,"comment_status":"open","ping_status":"open","sticky":false,"template":"","format":"standard","meta":{"_acf_changed":false,"_seopress_robots_primary_cat":"11","_seopress_titles_title":"","_seopress_titles_desc":"","_seopress_robots_index":"","footnotes":""},"categories":[133,96],"tags":[],"class_list":["post-4960","post","type-post","status-publish","format-standard","has-post-thumbnail","hentry","category-noticias","category-sin-categorizar"],"acf":[],"_links":{"self":[{"href":"https:\/\/www.ovive.fr\/es\/wp-json\/wp\/v2\/posts\/4960","targetHints":{"allow":["GET"]}}],"collection":[{"href":"https:\/\/www.ovive.fr\/es\/wp-json\/wp\/v2\/posts"}],"about":[{"href":"https:\/\/www.ovive.fr\/es\/wp-json\/wp\/v2\/types\/post"}],"author":[{"embeddable":true,"href":"https:\/\/www.ovive.fr\/es\/wp-json\/wp\/v2\/users\/2"}],"replies":[{"embeddable":true,"href":"https:\/\/www.ovive.fr\/es\/wp-json\/wp\/v2\/comments?post=4960"}],"version-history":[{"count":2,"href":"https:\/\/www.ovive.fr\/es\/wp-json\/wp\/v2\/posts\/4960\/revisions"}],"predecessor-version":[{"id":4969,"href":"https:\/\/www.ovive.fr\/es\/wp-json\/wp\/v2\/posts\/4960\/revisions\/4969"}],"wp:featuredmedia":[{"embeddable":true,"href":"https:\/\/www.ovive.fr\/es\/wp-json\/wp\/v2\/media\/3545"}],"wp:attachment":[{"href":"https:\/\/www.ovive.fr\/es\/wp-json\/wp\/v2\/media?parent=4960"}],"wp:term":[{"taxonomy":"category","embeddable":true,"href":"https:\/\/www.ovive.fr\/es\/wp-json\/wp\/v2\/categories?post=4960"},{"taxonomy":"post_tag","embeddable":true,"href":"https:\/\/www.ovive.fr\/es\/wp-json\/wp\/v2\/tags?post=4960"}],"curies":[{"name":"wp","href":"https:\/\/api.w.org\/{rel}","templated":true}]}}